{"id":13606,"date":"2025-01-26T09:59:25","date_gmt":"2025-01-26T09:59:25","guid":{"rendered":"https:\/\/katerynakasper.de\/?p=13606"},"modified":"2026-07-08T22:42:30","modified_gmt":"2026-07-08T22:42:30","slug":"kurzbiographie","status":"publish","type":"post","link":"https:\/\/katerynakasper.de\/en\/kurzbiographie\/","title":{"rendered":"Kurzbiographie DE"},"content":{"rendered":"<p><span style=\"font-family: Brandon Grotesque;\">Die ukrainisch-deutsche Sopranistin <strong>Kateryna Kasper<\/strong> zeichnet sich durch stilistische Vielseitigkeit in Oper, Oratorium und Lied aus. Sie tritt weltweit an f\u00fchrenden Opernh\u00e4usern, Konzerth\u00e4usern und Festivals auf und ist f\u00fcr ihre nuancierten Interpretationen von gro\u00dfer Ausdrucksst\u00e4rke bekannt. Ihr Repertoire reicht von <strong>Bachs <\/strong><strong>Oratorien<\/strong> <strong>und<\/strong> <strong>Passionen<\/strong> \u00fcber <b>H\u00e4ndels<\/b>, <b>Mozarts<\/b> und <b>Strauss<\/b> bis zu <strong>Mahlers <\/strong><strong>Sinfonien<\/strong> und umfasst Werke von <strong>Haydn<\/strong>, <strong>Brahms<\/strong>, <strong>Mendelssohn<\/strong>, <strong>Dvo\u0159\u00e1k<\/strong>, <strong>Poulenc<\/strong> und <strong>Henze<\/strong> sowie ein umfassendes<strong> romantisches Liedrepertoire.<\/strong><\/span><\/p>\n<p><span style=\"font-family: Brandon Grotesque;\">Zu ihren j\u00fcngsten H\u00f6hepunkten z\u00e4hlen ihre Rollendeb\u00fcts als <strong>Cleopatra<\/strong> in <em><b>H\u00e4ndels<\/b><\/em> <strong><em>Giulio Cesare<\/em> <\/strong>und als <strong>Mica\u00ebla<\/strong> in <strong>Bizets <\/strong><strong><i>Carmen<\/i><\/strong><i> <\/i>an der <strong>Oper Frankfurt<\/strong>, ihr UK-Operndeb\u00fct als <strong>M\u00e9lisande<\/strong> in <strong>Debussys <\/strong><strong><i>Pell\u00e9as et M\u00e9lisande<\/i><\/strong> bei der <strong>Longborough Festival Opera <\/strong>sowie die Auftritte als <strong>Elettra<\/strong> in <strong>Mozarts <em>Idomeneo<\/em><\/strong> und als <strong>Arianna <\/strong>in<strong> Vivaldis <em>Il Giustino <\/em><\/strong>mit dem <strong>Freiburger Barockorchester<\/strong> u.a. am <b>Teatro Real <\/b>in<b> Madrid<\/b>, am <b>Liceu <\/b>in <b>Barcelona<\/b> und in der <b>Elbphilharmonie Hamburg. <\/b>Weitere Engagements f\u00fchrten sie zu<span lang=\"de-DE\">\u00a0den <\/span><b><span lang=\"de-DE\">Salzburger Festspielen<\/span><\/b><span lang=\"de-DE\"> als Sopran in <\/span><b><span lang=\"de-DE\">Mozarts <em>c-Moll-Messe<\/em>.<\/span><\/b> Zudem sang sie <b><span lang=\"de-DE\">Mahlers <em>Auferstehungssinfonie <\/em><\/span><\/b>beim <b><span lang=\"de-DE\">Gstaad Menuhin Festival <\/span><\/b>unter der Leitung von<b> Jaap van Zweden.<\/b><\/span><\/p>\n<p><span style=\"font-family: Brandon Grotesque;\">In der kommenden Spielzeit deb\u00fctiert Kateryna Kasper am <strong>Theater an der Wien<\/strong> als <strong>Armida<\/strong> in einer Neuproduktion von<i> <\/i><strong>H\u00e4ndels <\/strong><strong><i>Rinaldo<\/i><\/strong> unter <strong>Francesco Corti<\/strong> und <span style=\"font-size: medium;\">in der Regie von<\/span> <strong>Nadja Loschky<\/strong>. Weitere H\u00f6hepunkte sind <span lang=\"de-DE\"><b>H\u00e4ndels <\/b><\/span><em><span lang=\"de-DE\"><b>Il trionfo del Tempo e del Disinganno<\/b><\/span><\/em><span style=\"font-size: medium;\">\u00a0mit dem <\/span><strong><span style=\"font-size: medium;\">Freiburger Barockorchester <\/span><\/strong><span style=\"font-size: medium;\"><span lang=\"de-DE\">unter<\/span><\/span><span style=\"font-size: medium;\">\u00a0<\/span><strong><span style=\"font-size: medium;\">Ren\u00e9 Jacobs <\/span><\/strong>bei den <strong>Innsbrucker Festwochen der Alten Musik<\/strong>, das Programm <strong>Queen Christina\u2019s World<\/strong> mit dem <strong>Helsinki Baroque Orchestra<\/strong> und <strong>Cecilia Bernardini<\/strong> in <strong>Helsinki<\/strong> und <strong>Riga<\/strong>, ein Kammermusikprogramm mit Werken von <strong>Mozart<\/strong> und <strong>Gluck<\/strong> in <strong>Santiago de Compostela<\/strong> sowie ein Neujahrskonzert <strong>mit Arien von <\/strong><strong><b>Mozart <\/b><\/strong><strong>und <\/strong><strong><b>Haydn<\/b><\/strong><b> <\/b>mit dem <strong>Symphonieorchester des Tschechischen Rundfunks<\/strong>.<\/span><\/p>\n<p>&nbsp;<\/p>\n<p>&nbsp;<\/p>","protected":false},"excerpt":{"rendered":"<p>Die ukrainisch-deutsche Sopranistin Kateryna Kasper zeichnet sich durch stilistische Vielseitigkeit in Oper, Oratorium und Lied aus. Sie tritt weltweit an f\u00fchrenden Opernh\u00e4usern, Konzerth\u00e4usern und Festivals auf und ist f\u00fcr ihre nuancierten Interpretationen von gro\u00dfer Ausdrucksst\u00e4rke bekannt. Ihr Repertoire reicht von Bachs Oratorien und Passionen \u00fcber H\u00e4ndels, Mozarts und Strauss bis zu Mahlers Sinfonien und umfasst Werke von Haydn, Brahms, Mendelssohn, Dvo\u0159\u00e1k, Poulenc und Henze sowie ein umfassendes romantisches Liedrepertoire. Zu ihren j\u00fcngsten H\u00f6hepunkten z\u00e4hlen ihre [&hellip;]<\/p>\n","protected":false},"author":1,"featured_media":0,"comment_status":"closed","ping_status":"closed","sticky":false,"template":"","format":"standard","meta":{"footnotes":""},"categories":[358],"tags":[],"class_list":["post-13606","post","type-post","status-publish","format-standard","hentry","category-contents"],"featured_media_urls":[],"_links":{"self":[{"href":"https:\/\/katerynakasper.de\/en\/wp-json\/wp\/v2\/posts\/13606","targetHints":{"allow":["GET"]}}],"collection":[{"href":"https:\/\/katerynakasper.de\/en\/wp-json\/wp\/v2\/posts"}],"about":[{"href":"https:\/\/katerynakasper.de\/en\/wp-json\/wp\/v2\/types\/post"}],"author":[{"embeddable":true,"href":"https:\/\/katerynakasper.de\/en\/wp-json\/wp\/v2\/users\/1"}],"replies":[{"embeddable":true,"href":"https:\/\/katerynakasper.de\/en\/wp-json\/wp\/v2\/comments?post=13606"}],"version-history":[{"count":8,"href":"https:\/\/katerynakasper.de\/en\/wp-json\/wp\/v2\/posts\/13606\/revisions"}],"predecessor-version":[{"id":18383,"href":"https:\/\/katerynakasper.de\/en\/wp-json\/wp\/v2\/posts\/13606\/revisions\/18383"}],"wp:attachment":[{"href":"https:\/\/katerynakasper.de\/en\/wp-json\/wp\/v2\/media?parent=13606"}],"wp:term":[{"taxonomy":"category","embeddable":true,"href":"https:\/\/katerynakasper.de\/en\/wp-json\/wp\/v2\/categories?post=13606"},{"taxonomy":"post_tag","embeddable":true,"href":"https:\/\/katerynakasper.de\/en\/wp-json\/wp\/v2\/tags?post=13606"}],"curies":[{"name":"wp","href":"https:\/\/api.w.org\/{rel}","templated":true}]}}