{"id":13585,"date":"2025-01-26T09:37:37","date_gmt":"2025-01-26T09:37:37","guid":{"rendered":"https:\/\/katerynakasper.de\/?p=13585"},"modified":"2026-07-16T00:06:21","modified_gmt":"2026-07-16T00:06:21","slug":"bio-de","status":"publish","type":"post","link":"https:\/\/katerynakasper.de\/en\/bio-de\/","title":{"rendered":"BIO DE"},"content":{"rendered":"<p><span style=\"color: #333399;\"><noscript><img fetchpriority=\"high\" decoding=\"async\" class=\"wp-image-5992 alignright\" src=\"https:\/\/katerynakasper.de\/wp-content\/uploads\/2022\/05\/DSC2743.jpg\" alt width=\"591\" height=\"887\" srcset=\"https:\/\/katerynakasper.de\/wp-content\/uploads\/2022\/05\/DSC2743.jpg 1365w, https:\/\/katerynakasper.de\/wp-content\/uploads\/2022\/05\/DSC2743-533x800.jpg 533w, https:\/\/katerynakasper.de\/wp-content\/uploads\/2022\/05\/DSC2743-8x12.jpg 8w, https:\/\/katerynakasper.de\/wp-content\/uploads\/2022\/05\/DSC2743-768x1152.jpg 768w, https:\/\/katerynakasper.de\/wp-content\/uploads\/2022\/05\/DSC2743-683x1024.jpg 683w, https:\/\/katerynakasper.de\/wp-content\/uploads\/2022\/05\/DSC2743-1024x1536.jpg 1024w, https:\/\/katerynakasper.de\/wp-content\/uploads\/2022\/05\/DSC2743-1000x1500.jpg 1000w, https:\/\/katerynakasper.de\/wp-content\/uploads\/2022\/05\/DSC2743-373x560.jpg 373w, https:\/\/katerynakasper.de\/wp-content\/uploads\/2022\/05\/DSC2743-600x900.jpg 600w, https:\/\/katerynakasper.de\/wp-content\/uploads\/2022\/05\/DSC2743-1200x1800.jpg 1200w, https:\/\/katerynakasper.de\/wp-content\/uploads\/2022\/05\/DSC2743-200x300.jpg 200w\" sizes=\"(max-width: 591px) 100vw, 591px\"><\/noscript><img fetchpriority=\"high\" decoding=\"async\" class=\"wp-image-5992 alignright lazyload\" src=\"data:image\/svg+xml,%3Csvg%20xmlns%3D%22http%3A%2F%2Fwww.w3.org%2F2000%2Fsvg%22%20viewBox%3D%220%200%20591%20887%22%3E%3C%2Fsvg%3E\" alt width=\"591\" height=\"887\" srcset=\"data:image\/svg+xml,%3Csvg%20xmlns%3D%22http%3A%2F%2Fwww.w3.org%2F2000%2Fsvg%22%20viewBox%3D%220%200%20591%20887%22%3E%3C%2Fsvg%3E 591w\" sizes=\"(max-width: 591px) 100vw, 591px\" data-srcset=\"https:\/\/katerynakasper.de\/wp-content\/uploads\/2022\/05\/DSC2743.jpg 1365w, https:\/\/katerynakasper.de\/wp-content\/uploads\/2022\/05\/DSC2743-533x800.jpg 533w, https:\/\/katerynakasper.de\/wp-content\/uploads\/2022\/05\/DSC2743-8x12.jpg 8w, https:\/\/katerynakasper.de\/wp-content\/uploads\/2022\/05\/DSC2743-768x1152.jpg 768w, https:\/\/katerynakasper.de\/wp-content\/uploads\/2022\/05\/DSC2743-683x1024.jpg 683w, https:\/\/katerynakasper.de\/wp-content\/uploads\/2022\/05\/DSC2743-1024x1536.jpg 1024w, https:\/\/katerynakasper.de\/wp-content\/uploads\/2022\/05\/DSC2743-1000x1500.jpg 1000w, https:\/\/katerynakasper.de\/wp-content\/uploads\/2022\/05\/DSC2743-373x560.jpg 373w, https:\/\/katerynakasper.de\/wp-content\/uploads\/2022\/05\/DSC2743-600x900.jpg 600w, https:\/\/katerynakasper.de\/wp-content\/uploads\/2022\/05\/DSC2743-1200x1800.jpg 1200w, https:\/\/katerynakasper.de\/wp-content\/uploads\/2022\/05\/DSC2743-200x300.jpg 200w\" data-src=\"https:\/\/katerynakasper.de\/wp-content\/uploads\/2022\/05\/DSC2743.jpg\"><\/span><\/p>\n<p><span style=\"color: #1b9494;\"><span style=\"font-family: Brandon Grotesque; font-size: 16px;\">Die ukrainisch-deutsche Sopranistin <strong>Kateryna Kasper<\/strong> zeichnet sich durch stilistische Vielseitigkeit in Oper, Oratorium und Lied aus. Sie tritt weltweit an f\u00fchrenden Opernh\u00e4usern, Konzerth\u00e4usern und Festivals auf und ist f\u00fcr ihre nuancierten Interpretationen von gro\u00dfer Ausdrucksst\u00e4rke bekannt. Ihr Repertoire reicht von <strong>Bachs <\/strong><strong>Oratorien<\/strong> <strong>und<\/strong> <strong>Passionen<\/strong> \u00fcber <b>H\u00e4ndels<\/b>, <b>Mozarts<\/b> und <b>Strauss Opernpartien<\/b>&nbsp;bis zu <strong>Mahlers <\/strong><strong>Sinfonien<\/strong> und umfasst Werke von <strong>Haydn<\/strong>, <strong>Brahms<\/strong>, <strong>Mendelssohn<\/strong>, <strong>Dvo\u0159\u00e1k<\/strong>, <strong>Poulenc<\/strong> und <strong>Henze<\/strong> sowie ein umfassendes romantisches <strong>Liedrepertoire.<\/strong><\/span><\/span><\/p>\n<h3><span style=\"color: #333333; font-size: 19px;\"><strong>ENGAGEMENTS&nbsp;<\/strong><\/span><\/h3>\n<p><span style=\"font-family: Brandon Grotesque; font-size: 16px; color: #333333;\"><span lang=\"de-DE\">In der kommenden Spielzeit gibt <strong>Kateryna Kasper<\/strong> ihr Hausdeb\u00fct am <strong>Theater an der Wien<\/strong> in einer Neuproduktion von <b>H\u00e4ndels <\/b><em>Rinaldo<\/em> unter der musikalischen Leitung von <strong>Francesco Corti<\/strong> und in der Regie von <strong>Nadja Loschky<\/strong>,&nbsp;in der sie erstmals die Partie der <strong>Armida<\/strong> singt. Zudem deb\u00fctiert sie bei den <strong>Innsbrucker Festwochen der Alten Musik<\/strong>. Ein neues Arienprogramm <em><b>Queen Christina\u2019s World <\/b><\/em>f\u00fchrt sie gemeinsam mit dem <strong>Helsinki Baroque Orchestra<\/strong> und <strong>Cecilia Bernardini<\/strong> nach <strong>Helsinki<\/strong> und <strong>Riga <\/strong>und ein Kammermusikprogramm mit Werken von <strong>Mozart<\/strong> und <strong>Gluck<\/strong> nach <strong>Santiago de Compostela. <\/strong>Mit einem Neujahrskonzert mit Arien von <strong><b>Mozart <\/b><\/strong>und <strong><b>Haydn <\/b><\/strong>mit dem<strong> Symphonieorchester des Tschechischen Rundfunks <\/strong>kehrt sie nach <strong>Prag <\/strong>zur\u00fcck. Weitere Projekte umfassen Auff\u00fchrungen von <b>Faur\u00e9s <\/b><em>Requiem<\/em> sowie <strong>Leonard Bernsteins <\/strong><em>Chichester Psalms.<\/em><\/span><\/span><\/p>\n<p><span style=\"font-family: Brandon Grotesque; font-size: 16px; color: #333333;\"><span lang=\"de-DE\">Zu ihren j<\/span><span lang=\"de-DE\">\u00fcngsten Erfolgen z\u00e4hlen <\/span>ihre<span lang=\"de-DE\">&nbsp;Rollendeb\u00fcts <\/span><span lang=\"de-DE\">als <strong>M\u00e9lisande<\/strong> in <\/span><span lang=\"de-DE\"><b>Debussys <\/b><em>P<\/em><em>ell\u00e9as et M\u00e9lisande<\/em><\/span><span lang=\"de-DE\"> beim <\/span><span lang=\"de-DE\"><b>Longborough Festival Opera <\/b><\/span><span lang=\"de-DE\">(UK-<\/span><span lang=\"de-DE\">Operndeb\u00fct), <\/span>als <strong>Cleopatra<\/strong> in <em><b>H\u00e4ndels<\/b><\/em> <em>Giulio Cesare<\/em> und als <strong>Mica\u00ebla<\/strong> in <strong>Bizets <\/strong><i>Carmen<\/i><i> <\/i>an der <strong>Oper Frankfurt. <\/strong>Als <strong>Elettra<\/strong>&nbsp;in <strong>Mozarts <\/strong><em>Idomeneo<\/em> und<strong>&nbsp;Arianna <\/strong>in <strong>Vivaldis <\/strong><em>Il Giustino <\/em>war sie mit dem<strong> Freiburger Barockorchester <\/strong><span lang=\"de-DE\">unter der Leitung von <\/span><strong><span lang=\"de-DE\">Ren\u00e9 Jacobs <\/span><\/strong>u.a. am <strong><b>Teatro Real <\/b>in<b> Madrid<\/b><\/strong>, am <strong><b>Liceu <\/b>in <b>Barcelona<\/b><\/strong>, in der <strong><b>Elbphilharmonie Hamburg<\/b><\/strong>, <span lang=\"de-DE\">&nbsp;im <\/span><strong><b><span lang=\"de-DE\">Palau de la M\u00fasica in Valencia, <\/span><\/b><\/strong><span lang=\"de-DE\">im <\/span><strong><b><span lang=\"de-DE\">Konzerthaus Freiburg<\/span><\/b><\/strong><span lang=\"de-DE\">, <\/span><span lang=\"de-DE\">beim<\/span> <strong><b><span lang=\"de-DE\">Musikfestival Heidelberger Fr\u00fchling<\/span><\/b><\/strong><span lang=\"de-DE\"> und<\/span><span lang=\"de-DE\">&nbsp;im <\/span><strong><b><span lang=\"de-DE\">DeSingel in Antwerpen<\/span><\/b><\/strong> zu erleben. Als Arianna wurde sie zuvor schon <span lang=\"de-DE\">in der Inszenierung von <\/span><strong><b><span lang=\"de-DE\">Barbora Hor\u00e1kov\u00e1 <\/span><\/b><\/strong><span lang=\"de-DE\">mit<\/span><strong><b><span lang=\"de-DE\"> Akademie f\u00fcr Alte Musik <\/span><\/b><\/strong><span lang=\"de-DE\">a<\/span><span lang=\"de-DE\">n der <\/span><strong><b><span lang=\"de-DE\">Staatsoper Berlin<\/span><\/b><\/strong><span lang=\"de-DE\"> gefeiert<\/span>.<\/span><\/p>\n<p><span style=\"color: #333333; font-size: 16px; font-family: Brandon Grotesque;\"><span lang=\"de-DE\">Weitere Engagements f\u00fchrten sie zu&nbsp;den <strong><b>Salzburger Festspielen<\/b><\/strong> als Sopran I in <strong><b>Mozarts <\/b><\/strong><em>c-Moll-Messe <\/em>sowie&nbsp;in die <b>Tonhalle Z\u00fcrich<\/b> mit <strong>Haydns <\/strong><em>Sch\u00f6pfung<\/em>. Dar\u00fcber hinaus sang sie <strong><b>Mahlers <\/b><\/strong><em>Auferstehungssinfonie <\/em>beim <strong><b>Gstaad Menuhin Festival <\/b><\/strong>unter der Leitung von <strong><b>Jaap van Zweden<\/b><\/strong><em>, <\/em><strong>Brahms\u2019<\/strong> <em>Deutsches Requiem<\/em><strong><b>&nbsp;<\/b><\/strong>zusammen mit den<strong><b> Bochumer Symphonikern <\/b><\/strong>sowie <strong><b>Bachs <\/b><\/strong><em>Johannes-Passion<\/em> mit dem <strong><b>Orquesta Filarm\u00f3nica de Gran Canaria <\/b><\/strong>unter der Leitung von <strong><b>Karel Mark Chichon.<\/b><\/strong><\/span><\/span><\/p>\n<p><span style=\"color: #333333; font-size: 16px; font-family: Brandon Grotesque;\"><span lang=\"de-DE\">Mi<\/span><span lang=\"de-DE\">t dem <strong>Collegium 1704<\/strong> unter der Leitung von <strong>V\u00e1clav Luks<\/strong> sang sie <\/span><span lang=\"de-DE\">die Rolle des<\/span><span lang=\"de-DE\"><strong> Isacco<\/strong> in <\/span><span lang=\"de-DE\"><b>Myslive\u010deks<\/b><\/span> <span lang=\"de-DE\">be<\/span><span lang=\"de-DE\">e<\/span><span lang=\"de-DE\">indruckendem Werk <\/span><em><span lang=\"de-DE\">Abramo ed Isacco<\/span> <\/em><span lang=\"de-DE\">u.a. im <\/span><span lang=\"de-DE\"><b>Rudolfinum Prag<\/b><\/span><span lang=\"de-DE\"> und im <\/span><span lang=\"de-DE\"><b>Concertgebouw Amsterdam<\/b> sowie die Titelpartie in<b> H\u00e4ndels <\/b>Oratorio <em>Susanna<\/em> <\/span>beim <strong>Litomy\u0161l Smetana Festival<\/strong><strong>.<\/strong><\/span><\/p>\n<p><span style=\"color: #333333; font-size: 16px; font-family: Brandon Grotesque;\">Mit dem <strong>Kammerorchester Basel <\/strong>trat sie k\u00fcrzlich in<strong> H\u00e4ndels <\/strong><em>Aci, Galatea e Polifemo<\/em>&nbsp;in <strong>Barcelona<\/strong>, <strong>Wien <\/strong>und <strong>Basel<\/strong> sowie bei den <strong>H\u00e4ndel-Festspielen Halle<\/strong> auf; mit demselben Werk gab sie au\u00dferdem ihr kanadisches Deb\u00fct mit dem <strong><b>Arion Baroque Orchestra<\/b><\/strong> in <strong><b>Montr\u00e9al<\/b><\/strong><strong>.<\/strong><\/span><\/p>\n<p><span style=\"color: #333333; font-size: 16px; font-family: Brandon Grotesque;\">Mit der Partie des <strong>Piacere<\/strong> in <strong>H\u00e4ndels <\/strong><em>Il trionfo del Tempo e del Disinganno<\/em> gastierte sie gemeinsam mit dem <strong>B\u2019Rock Orchestra<\/strong> unter der Leitung von <strong>Ren\u00e9 Jacobs<\/strong> beim <strong>Tongyeong International Music Festival<\/strong>, im <strong>Seoul Arts Center<\/strong> sowie in der <strong>Tokyo Opera City<\/strong>.<\/span><\/p>\n<h3><span style=\"color: #000000; font-size: 19px;\"><strong><span style=\"font-size: 19px;\">OPER<\/span><noscript><img decoding=\"async\" class=\"wp-image-16495 alignleft\" src=\"https:\/\/katerynakasper.de\/wp-content\/uploads\/2024\/12\/3-1-640x800.png\" alt width=\"535\" height=\"669\" srcset=\"https:\/\/katerynakasper.de\/wp-content\/uploads\/2024\/12\/3-1-640x800.png 640w, https:\/\/katerynakasper.de\/wp-content\/uploads\/2024\/12\/3-1-819x1024.png 819w, https:\/\/katerynakasper.de\/wp-content\/uploads\/2024\/12\/3-1-768x960.png 768w, https:\/\/katerynakasper.de\/wp-content\/uploads\/2024\/12\/3-1-10x12.png 10w, https:\/\/katerynakasper.de\/wp-content\/uploads\/2024\/12\/3-1-19x24.png 19w, https:\/\/katerynakasper.de\/wp-content\/uploads\/2024\/12\/3-1-1000x1250.png 1000w, https:\/\/katerynakasper.de\/wp-content\/uploads\/2024\/12\/3-1-448x560.png 448w, https:\/\/katerynakasper.de\/wp-content\/uploads\/2024\/12\/3-1-600x750.png 600w, https:\/\/katerynakasper.de\/wp-content\/uploads\/2024\/12\/3-1.png 1080w\" sizes=\"(max-width: 535px) 100vw, 535px\"><\/noscript><img decoding=\"async\" class=\"wp-image-16495 alignleft lazyload\" src=\"data:image\/svg+xml,%3Csvg%20xmlns%3D%22http%3A%2F%2Fwww.w3.org%2F2000%2Fsvg%22%20viewBox%3D%220%200%20535%20669%22%3E%3C%2Fsvg%3E\" alt width=\"535\" height=\"669\" srcset=\"data:image\/svg+xml,%3Csvg%20xmlns%3D%22http%3A%2F%2Fwww.w3.org%2F2000%2Fsvg%22%20viewBox%3D%220%200%20535%20669%22%3E%3C%2Fsvg%3E 535w\" sizes=\"(max-width: 535px) 100vw, 535px\" data-srcset=\"https:\/\/katerynakasper.de\/wp-content\/uploads\/2024\/12\/3-1-640x800.png 640w, https:\/\/katerynakasper.de\/wp-content\/uploads\/2024\/12\/3-1-819x1024.png 819w, https:\/\/katerynakasper.de\/wp-content\/uploads\/2024\/12\/3-1-768x960.png 768w, https:\/\/katerynakasper.de\/wp-content\/uploads\/2024\/12\/3-1-10x12.png 10w, https:\/\/katerynakasper.de\/wp-content\/uploads\/2024\/12\/3-1-19x24.png 19w, https:\/\/katerynakasper.de\/wp-content\/uploads\/2024\/12\/3-1-1000x1250.png 1000w, https:\/\/katerynakasper.de\/wp-content\/uploads\/2024\/12\/3-1-448x560.png 448w, https:\/\/katerynakasper.de\/wp-content\/uploads\/2024\/12\/3-1-600x750.png 600w, https:\/\/katerynakasper.de\/wp-content\/uploads\/2024\/12\/3-1.png 1080w\" data-src=\"https:\/\/katerynakasper.de\/wp-content\/uploads\/2024\/12\/3-1-640x800.png\"><\/strong><\/span><\/h3>\n<p><span style=\"font-size: 16px;\"><span style=\"font-family: Brandon Grotesque; color: #000000;\"><span lang=\"de-DE\">Von 2012 bis 2024 war Kateryna Kasper zun\u00e4chst als Mitglied des Opernstudios anschlie\u00dfend als Ensemblemitglied der <strong>OPER FRANKFURT<\/strong>. Dort verk\u00f6rperte sie eine breite Palette von Rollen aus verschiedenen Epochen. <\/span><\/span><\/span><\/p>\n<p><span style=\"font-size: 16px;\"><span style=\"font-family: Brandon Grotesque; color: #000000;\"><span lang=\"de-DE\">Dazu geh\u00f6ren Anima in <\/span><span lang=\"de-DE\"><b>Cavalieris <\/b><\/span><em><span lang=\"de-DE\">Rappres<\/span><span lang=\"de-DE\">entazione di anima e di corpo<\/span><\/em><span lang=\"de-DE\">;<\/span><span lang=\"de-DE\"> Giacinta in <\/span><span lang=\"de-DE\"><b>Cestis <\/b><\/span><em><span lang=\"de-DE\">L\u2019<\/span><span lang=\"de-DE\">Orontea<\/span><\/em><span lang=\"de-DE\">; <strong>Romilda<\/strong>, <strong>Oriana,<\/strong> <strong>Angelica<\/strong> und <strong>Tigrane<\/strong> in <\/span><span lang=\"de-DE\"><b>H\u00e4ndels <\/b><\/span><em><span lang=\"de-DE\">X<\/span><span lang=\"de-DE\">erxes<\/span><span lang=\"de-DE\">, <\/span><span lang=\"de-DE\">Amadigi<\/span><span lang=\"de-DE\">, <\/span><span lang=\"de-DE\">Orlando<\/span><\/em><b> <\/b><span lang=\"de-DE\">und <\/span><em><span lang=\"de-DE\">Radamisto<\/span><\/em><span lang=\"de-DE\">; <strong>Angelica<\/strong> in <\/span><span lang=\"de-DE\"><b>Vivaldis <\/b><\/span><em><span lang=\"de-DE\">Orlan<\/span><span lang=\"de-DE\">do furioso<\/span><\/em><span lang=\"de-DE\">; <\/span><span lang=\"de-DE\"><strong>Susanna<\/strong>, <\/span><span lang=\"de-DE\"><strong>Pamina<\/strong>, <strong>Zerlina<\/strong>, <strong>V<\/strong><\/span><strong><span lang=\"de-DE\">enus<\/span><\/strong><span lang=\"de-DE\"> in <\/span><em><span lang=\"de-DE\">Die Hochzeit des Figaro<\/span><span lang=\"de-DE\">, <\/span><span lang=\"de-DE\">Die Zauberfl\u00f6te<\/span><span lang=\"de-DE\">, <\/span><span lang=\"de-DE\">Don Giovanni<\/span><span lang=\"de-DE\">, <\/span><\/em><span lang=\"de-DE\"><em>Ascanio in Alba<\/em>; <\/span><span lang=\"de-DE\">Antonida in <\/span><span lang=\"de-DE\"><b>Glinkas <\/b><\/span><em><span lang=\"de-DE\">Iwan <\/span><\/em><span lang=\"de-DE\"><em>Sussanin<\/em>;<\/span><span lang=\"de-DE\"> die Titelrolle in <\/span><span lang=\"de-DE\"><b>Flotows <\/b><\/span><em><span lang=\"de-DE\">Ma<\/span><span lang=\"de-DE\">rtha<\/span><\/em><span lang=\"de-DE\">, <strong>Gretel<\/strong> in <\/span><span lang=\"de-DE\"><b>Humperdincks <\/b><\/span><em><span lang=\"de-DE\">H\u00e4nsel un<\/span><span lang=\"de-DE\">d Gretel<\/span><\/em><span lang=\"de-DE\">; <\/span><span lang=\"de-DE\"><strong>Nannetta<\/strong> in <\/span><span lang=\"de-DE\"><b>Verdis <\/b><\/span><em><span lang=\"de-DE\">Fal<\/span><\/em><span lang=\"de-DE\"><em>staff<\/em>;&nbsp;<\/span><span lang=\"de-DE\"><strong> Sophie<\/strong> im <\/span><em><span lang=\"de-DE\">Rosenkavalie<\/span><span lang=\"de-DE\">r<\/span><\/em><span lang=\"de-DE\"> von <b>Strauss<\/b><\/span><span lang=\"de-DE\">, <strong>Titania<\/strong> in <\/span><span lang=\"de-DE\"><b>Brittens <\/b><\/span><em><span lang=\"de-DE\">Ein<\/span><span lang=\"de-DE\"> Sommernachtstraum<\/span><\/em><span lang=\"de-DE\"> und die <strong>Junge Frau<\/strong> in der Urauff\u00fchrung von <\/span><em><span lang=\"de-DE\">Der Gol<\/span><span lang=\"de-DE\">dene Drach<span style=\"font-family: Brandon Grotesque;\">e <\/span><\/span><\/em><\/span><span style=\"font-family: Brandon Grotesque;\"><span style=\"color: #000000;\">\u2013 eine Rolle, die <\/span><span style=\"color: #000000;\"><b>P\u00e9ter E\u00f6tv\u00f6s<\/b><\/span><span style=\"color: #000000;\"> f\u00fcr sie schrieb. <\/span><\/span><span style=\"font-family: Brandon Grotesque; color: #000000;\"><span lang=\"de-DE\">Auch in Operettenrollen wie <strong>Komtesse Anastasia<\/strong> in <\/span><span lang=\"de-DE\"><b>K\u00e1lm\u00e1ns <\/b><\/span><em><span lang=\"de-DE\">Die<\/span><span lang=\"de-DE\"> Cs\u00e1rd\u00e1sf\u00fcrstin<\/span><\/em><span lang=\"de-DE\"> und <strong>Valencienne<\/strong> in <\/span><span lang=\"de-DE\"><b>Leh\u00e1rs <\/b><\/span><em><span lang=\"de-DE\">Die lustige Witwe<\/span><\/em><span lang=\"de-DE\"> war sie im Ensemble der Oper Frankfurt zu erleben.<\/span><\/span><\/span><\/p>\n<p lang=\"de-DE\"><span style=\"font-size: 16px;\"><span style=\"color: #000000; font-family: Brandon Grotesque;\">Opernengagements f\u00fchrten Kateryna Kasper zu <b>Festivals in Edinburgh, Bregenz, <\/b><b>St. Margarethen <\/b>und <b>Longborough <\/b>sowie an die <strong><span class=\"evoet_c2 evoet_cx\"><span class=\"evoet_location level_3\">Bergen National Opera<\/span><\/span><\/strong>, <b>Staatsoper Berlin<\/b> und das <b>Nationaltheater<span style=\"color: #000000;\"> Mannheim.<\/span><\/b>&nbsp;<\/span><\/span><\/p>\n<p lang=\"de-DE\"><span style=\"font-size: 16px;\"><span style=\"color: #000000;\">Gro\u00dfe Aufmerksamkeit erregte sie mit ihrer eindrucksvollen Interpretation der <strong>Orasia<\/strong> in <strong>Telemanns <\/strong><em>Orpheus <\/em>im Rahmen einer Europatournee mit dem <strong>B\u2019Rock Orchestra<\/strong> unter <strong>Ren\u00e9 Jacobs<\/strong>,&nbsp;<span style=\"font-size: 16px; font-family: Brandon Grotesque; color: #333333;\">mit Stationen u. a. am <strong>Gran Teatre del Liceu<\/strong> in Barcelona, im <strong>Concertgebouw Amsterdam<\/strong> und in der <strong>K\u00f6lner Philharmonie<\/strong>. <\/span><\/span><\/span><span style=\"font-size: 16px;\"><span style=\"color: #000000;\"><span style=\"font-size: 16px; font-family: Brandon Grotesque; color: #333333;\">W<\/span><\/span><\/span><span style=\"font-family: Brandon Grotesque; font-size: 16px; color: #333333;\">eitere Opernengagements f\u00fchrten sie an die <strong>Opera Ballet Vlaanderen<\/strong> nach <strong>Antwerpen<\/strong> und <strong>Gent<\/strong> mit <strong>Mozarts <\/strong><em>Don Giovanni <\/em>sowie an die <strong>Los Angeles Opera<\/strong> mit <strong>Purcells <\/strong><em>Dido und Aeneas<\/em>.<\/span><\/p>\n<p lang=\"de-DE\"><span style=\"color: #000000; font-size: 19px;\"><strong>KONZERT<\/strong><\/span><\/p>\n<p><span style=\"font-family: Brandon Grotesque; font-size: 16px;\"><noscript><img decoding=\"async\" class=\"wp-image-15517 alignright\" src=\"https:\/\/katerynakasper.de\/wp-content\/uploads\/2025\/02\/266311587_10165813575085181_2104344325355061329_n-e1756211082894-800x766.jpg\" alt width=\"506\" height=\"484\" srcset=\"https:\/\/katerynakasper.de\/wp-content\/uploads\/2025\/02\/266311587_10165813575085181_2104344325355061329_n-e1756211082894-800x766.jpg 800w, https:\/\/katerynakasper.de\/wp-content\/uploads\/2025\/02\/266311587_10165813575085181_2104344325355061329_n-e1756211082894-768x735.jpg 768w, https:\/\/katerynakasper.de\/wp-content\/uploads\/2025\/02\/266311587_10165813575085181_2104344325355061329_n-e1756211082894-13x12.jpg 13w, https:\/\/katerynakasper.de\/wp-content\/uploads\/2025\/02\/266311587_10165813575085181_2104344325355061329_n-e1756211082894-24x24.jpg 24w, https:\/\/katerynakasper.de\/wp-content\/uploads\/2025\/02\/266311587_10165813575085181_2104344325355061329_n-e1756211082894-585x560.jpg 585w, https:\/\/katerynakasper.de\/wp-content\/uploads\/2025\/02\/266311587_10165813575085181_2104344325355061329_n-e1756211082894-600x574.jpg 600w, https:\/\/katerynakasper.de\/wp-content\/uploads\/2025\/02\/266311587_10165813575085181_2104344325355061329_n-e1756211082894.jpg 888w\" sizes=\"(max-width: 506px) 100vw, 506px\"><\/noscript><img decoding=\"async\" class=\"wp-image-15517 alignright lazyload\" src=\"data:image\/svg+xml,%3Csvg%20xmlns%3D%22http%3A%2F%2Fwww.w3.org%2F2000%2Fsvg%22%20viewBox%3D%220%200%20506%20484%22%3E%3C%2Fsvg%3E\" alt width=\"506\" height=\"484\" srcset=\"data:image\/svg+xml,%3Csvg%20xmlns%3D%22http%3A%2F%2Fwww.w3.org%2F2000%2Fsvg%22%20viewBox%3D%220%200%20506%20484%22%3E%3C%2Fsvg%3E 506w\" sizes=\"(max-width: 506px) 100vw, 506px\" data-srcset=\"https:\/\/katerynakasper.de\/wp-content\/uploads\/2025\/02\/266311587_10165813575085181_2104344325355061329_n-e1756211082894-800x766.jpg 800w, https:\/\/katerynakasper.de\/wp-content\/uploads\/2025\/02\/266311587_10165813575085181_2104344325355061329_n-e1756211082894-768x735.jpg 768w, https:\/\/katerynakasper.de\/wp-content\/uploads\/2025\/02\/266311587_10165813575085181_2104344325355061329_n-e1756211082894-13x12.jpg 13w, https:\/\/katerynakasper.de\/wp-content\/uploads\/2025\/02\/266311587_10165813575085181_2104344325355061329_n-e1756211082894-24x24.jpg 24w, https:\/\/katerynakasper.de\/wp-content\/uploads\/2025\/02\/266311587_10165813575085181_2104344325355061329_n-e1756211082894-585x560.jpg 585w, https:\/\/katerynakasper.de\/wp-content\/uploads\/2025\/02\/266311587_10165813575085181_2104344325355061329_n-e1756211082894-600x574.jpg 600w, https:\/\/katerynakasper.de\/wp-content\/uploads\/2025\/02\/266311587_10165813575085181_2104344325355061329_n-e1756211082894.jpg 888w\" data-src=\"https:\/\/katerynakasper.de\/wp-content\/uploads\/2025\/02\/266311587_10165813575085181_2104344325355061329_n-e1756211082894-800x766.jpg\"><\/span><\/p>\n<p><span style=\"font-family: Brandon Grotesque; font-size: 16px; color: #000000;\"><span lang=\"de-DE\">Neben ihrer internationalen Opernt\u00e4tigkeit bildet der Konzert- und Liedbereich einen zentralen Bestandteil von Kateryna Kaspers k\u00fcnstlerischem Profil.&nbsp;<\/span>Ihr weit gef\u00e4chertes Repertoire reicht von den Oratorien und Passionen des Barock &#8211; darunter Werke von Johann Sebastian Bach und Georg Philipp Telemann &#8211; \u00fcber die gro\u00dfen Werke der Klassik und Romantik von Haydn, Mozart, Mendelssohn, Schubert, Schumann, Brahms und Dvo\u0159\u00e1k bis hin zu Kompositionen des 20. und 21. Jahrhunderts, z.B.<\/span><span style=\"font-family: Brandon Grotesque; font-size: 16px; color: #000000;\"> von Poulenc, Strawinsky, Henze.<\/span><\/p>\n<p><span style=\"color: #000000; font-family: Brandon Grotesque; font-size: 16px;\"><span lang=\"de-DE\">Sie arbeitete mit zahlreichen f\u00fchrenden Orchestern und Ensembles, darunter das <\/span><strong>Freiburger Barockorchester<\/strong>, die <strong>Akademie f\u00fcr Alte Musik<\/strong>,<strong><span lang=\"de-DE\"><b>&nbsp;Collegium 1704<\/b><\/span><\/strong><span lang=\"de-DE\">, <\/span><strong><span lang=\"de-DE\"><b>Ensemble Modern<\/b><\/span><\/strong><span lang=\"de-DE\">, <\/span><strong><span lang=\"de-DE\"><b>Holland Baroque<\/b><\/span><\/strong><span lang=\"de-DE\">, <\/span><strong><span lang=\"de-DE\">Konzerthausorchester Berlin, <\/span><\/strong><strong><span lang=\"de-DE\"><b>London Philharmonic Orchestra, Orquestra Gulbenkian Lissabon, Orquestra Sinf\u00f3nica do Porto <\/b><\/span><\/strong><span lang=\"de-DE\">und <\/span><strong><span lang=\"de-DE\"><b>Turku Philharmonic Orchestra<\/b><\/span><\/strong><strong><span lang=\"de-DE\">.<\/span><\/strong><\/span><\/p>\n<p><span style=\"color: #000000; font-family: Brandon Grotesque; font-size: 16px;\"><span lang=\"de-DE\">Sie war zu Gast beim der <\/span><span lang=\"de-DE\"><b>Bachwoche Stuttgart, <\/b><\/span>dem <strong>Grafenegg Festival<\/strong><span lang=\"de-DE\">, dem<\/span> <strong><span lang=\"de-DE\">H\u00e4ndel-Festspielen<\/span><\/strong> <span lang=\"de-DE\">in <\/span><strong><span lang=\"de-DE\">Halle<\/span><\/strong> <span lang=\"de-DE\">und <\/span><strong><span lang=\"de-DE\">Karlsruhe<\/span><\/strong><span lang=\"de-DE\">, dem<\/span> <strong><span lang=\"de-DE\">Klangvokal Musikfestival Dortmund<\/span><\/strong><span lang=\"de-DE\">, dem<\/span> <strong><span lang=\"de-DE\">Telemann-Festival Magdeburg<\/span><\/strong> <span lang=\"de-DE\">sowie beim<\/span> <strong><span lang=\"de-DE\">Tongyeong International Music Festival<\/span><\/strong><strong><span lang=\"de-DE\"><b>.<\/b><\/span><\/strong> <span lang=\"de-DE\">Konzertauftritte f\u00fchrten sie zu renommierten Spielst\u00e4tten wie <\/span>der <strong>Alten Oper Frankfurt<\/strong>, der <strong>Elbphilharmonie Hamburg<\/strong>, den <strong>Philharmonien in K\u00f6ln<\/strong>, <strong>Moskau <\/strong>und <strong>Paris<\/strong>, dem <strong>Seoul Arts Center<\/strong>, dem <strong>Th\u00e9\u00e2tre des Champs-Elys\u00e9es<\/strong> in Paris und der <strong>Tokyo Opera City.<\/strong><\/span><\/p>\n<p><span style=\"color: #000000; font-family: Brandon Grotesque; font-size: 16px;\">Einen besonderen Schwerpunkt ihres Konzertrepertoires bilden Werke<b> <\/b><b>J.<\/b><b> S. Bachs <\/b>und <b>G. F. H\u00e4ndels. <\/b><\/span><span style=\"font-family: Brandon Grotesque; font-size: 16px; color: #000000;\">Internationale Beachtung fand die Tournee mit <strong><span lang=\"de-DE\">Bachs <\/span><\/strong><em><span lang=\"de-DE\">Matth\u00e4uspassion<\/span><\/em><span lang=\"de-DE\"> mit dem <\/span><strong><span lang=\"de-DE\">Freiburger Barockorchester<\/span><\/strong><span lang=\"de-DE\"> unter der Leitung von <\/span><strong><span lang=\"de-DE\">Francesco Corti<\/span><\/strong><span lang=\"de-DE\">, die sie durch Europa und S\u00fcdkorea f\u00fchrte. <\/span><strong><span lang=\"de-DE\">Bachs <\/span><\/strong><em><span lang=\"de-DE\">Weihnachtsoratorium <\/span><\/em><span lang=\"de-DE\">sang sie unter anderem mit den<\/span><strong><span lang=\"de-DE\"> Wiener Symphonikern<\/span><\/strong><span lang=\"de-DE\"> im <\/span><strong><span lang=\"de-DE\">Wiener Konzerthaus<\/span><\/strong><span lang=\"de-DE\">, in der <\/span><strong><span lang=\"de-DE\">Isarphilharmonie M\u00fcnchen<\/span><\/strong><span lang=\"de-DE\"> unter<\/span><strong><span lang=\"de-DE\"> Patrick Hahn <\/span><\/strong><span lang=\"de-DE\">sowie mit dem<\/span><strong><span lang=\"de-DE\"> Freiburger Barockorchester <\/span><\/strong><span lang=\"de-DE\">und dem <\/span><strong><span lang=\"de-DE\">Nederlands Kamerkoor <\/span><\/strong><span lang=\"de-DE\">unter <\/span><strong><span lang=\"de-DE\">Peter Dijkstra<\/span><\/strong><span lang=\"de-DE\"> in der<\/span><strong><span lang=\"de-DE\"> Tauber Philharmonie<\/span><\/strong><span lang=\"de-DE\">, der<\/span><strong><span lang=\"de-DE\"> K\u00f6lner Philharmonie <\/span><\/strong><span lang=\"de-DE\">und<\/span><span lang=\"de-DE\"> dem <\/span><strong><span lang=\"de-DE\">Konzerthaus Freiburg.<\/span><\/strong><\/span><\/p>\n<p><span style=\"font-family: Brandon Grotesque; font-size: 16px; color: #000000;\">Zu ihren weiteren<strong> Bach<\/strong>-Interpretationen z\u00e4hlen au\u00dferdem die <em>Johannespassion<\/em> mit dem <strong>Ensemble Pygmalion<\/strong> unter <strong>Rapha\u00ebl Pichon<\/strong> im <strong>Grand Th\u00e9\u00e2tre de Provence<\/strong>, an der <strong>Philharmonie Paris<\/strong>, der <strong>Op\u00e9ra de Lill<span style=\"font-size: 16px; font-family: Brandon Grotesque;\">e<\/span><\/strong> und dem <strong>Th\u00e9\u00e2tre de Caen. <\/strong>Dar\u00fcber hinaus sang sie zahlreiche geistliche Werke von<\/span><span style=\"font-family: Brandon Grotesque; font-size: 16px; color: #000000;\">&nbsp;<strong>Bach <\/strong>und<strong> H\u00e4ndel <\/strong>mit dem <strong>Bach-Ensemble Wiesbaden<\/strong> unter <strong>Martin Lut<\/strong><strong>z, J\u00f6rg Endebrock<\/strong> und<strong> Tobias Koriath <\/strong>i<span style=\"color: #000000;\">n<\/span><strong><span style=\"color: #000000;\"> Wiesaben<\/span><\/strong><span style=\"color: #000000;\">, <\/span><strong><span style=\"color: #000000;\">Hamburg <\/span><\/strong><span style=\"color: #000000;\">und<\/span><strong><span style=\"color: #000000;\"> Frankfurt. <\/span><\/strong><\/span><\/p>\n<p><span style=\"font-family: Brandon Grotesque; font-size: 16px; color: #000000;\"><span style=\"color: #000000;\">Zu ihren <strong>H\u00e4nde<\/strong>l-Interpretationen geh\u00f6ren<\/span><\/span><span style=\"font-family: Brandon Grotesque; font-size: 16px; color: #000000;\"><em>&nbsp;Messiah<\/em> mit dem <strong>NDR Vokalensemble<\/strong> und <strong>Holland Baroque<\/strong> unter <strong>Klaas Stok<\/strong> in der <strong>Elbphilharmonie Hamburg. <\/strong>Mit <strong>Ren\u00e9 Jacobs<\/strong> und dem <b>Freiburger Barockorchester<\/b> widmete sie sich <b>H\u00e4ndels<\/b> virtuosen Kantaten <em>Delirio amoroso <\/em>und <em>Apollo e Dafne<\/em>, die sie bei den <b>Festivals d&#8217;Ambronay<\/b>, den <b>Settimane Musicali Ascona<\/b> und dem Festival \u201e<strong>Erasmus klingt!\u201c<\/strong> in Basel auff\u00fchrte. Dar\u00fcber hinaus interpretierte sie Werke von <strong>Pergolesi<\/strong>, darunter <em>Salve Regina<\/em> und <em>Stabat Mater<\/em>, Kantaten von <strong>Telemann<\/strong> sowie Kompositionen von <strong>Reinhard Keiser<\/strong>, <strong>Stradella<\/strong> und <strong>Scarlatti<\/strong> in Zusammenarbeit mit <strong>Michael Schneider<\/strong>.<\/span><\/p>\n<figure id=\"attachment_16268\" aria-describedby=\"caption-attachment-16268\" style=\"width: 575px\" class=\"wp-caption alignleft\"><noscript><img loading=\"lazy\" decoding=\"async\" class=\"wp-image-16268\" src=\"https:\/\/katerynakasper.de\/wp-content\/uploads\/2025\/07\/ascanio_in_alba_111-e1754771419661-596x800.jpg\" alt=\"\u00a9Monika Rittershaus\" width=\"575\" height=\"772\"><\/noscript><img loading=\"lazy\" decoding=\"async\" class=\"wp-image-16268 lazyload\" src=\"data:image\/svg+xml,%3Csvg%20xmlns%3D%22http%3A%2F%2Fwww.w3.org%2F2000%2Fsvg%22%20viewBox%3D%220%200%20575%20772%22%3E%3C%2Fsvg%3E\" alt=\"\u00a9Monika Rittershaus\" width=\"575\" height=\"772\" data-src=\"https:\/\/katerynakasper.de\/wp-content\/uploads\/2025\/07\/ascanio_in_alba_111-e1754771419661-596x800.jpg\"><figcaption id=\"caption-attachment-16268\" class=\"wp-caption-text\">\u00a9Monika Rittershaus<\/figcaption><\/figure>\n<p><span style=\"font-family: Brandon Grotesque; font-size: 16px; color: #000000;\">Ein weiterer Schwerpunkt liegt auf dem Konzertrepertoire von <strong>H<\/strong><strong>aydn<\/strong> und <strong>Mozart. <\/strong><\/span><span style=\"font-family: Brandon Grotesque; font-size: 16px; color: #000000;\"><strong><span lang=\"de-DE\">Haydns<\/span><\/strong> <em><span lang=\"de-DE\">Die Sch\u00f6pfung<\/span><\/em> f\u00fchrte sie in der <strong><span lang=\"de-DE\">Tonhalle Z\u00fcrich <\/span><\/strong>unter <strong><span lang=\"de-DE\">Heinz B\u00e4hler <\/span><\/strong>auf, <em><span lang=\"de-DE\">Die sieben letzten Worte unseres Erl\u00f6sers am Kreuze<\/span><\/em><span lang=\"de-DE\"> mit dem <\/span><strong><span lang=\"de-DE\">RIAS Kammerchor<\/span><\/strong><span lang=\"de-DE\"> und dem <\/span><strong><span lang=\"de-DE\">Konzerthausorchester Berlin<\/span><\/strong><span lang=\"de-DE\"> unter <\/span><strong><span lang=\"de-DE\">Justin Doyle<\/span><\/strong><span lang=\"de-DE\">; die Einspielung dieses Konzerts erschien 2026 bei <\/span><strong><span lang=\"de-DE\">Harmonia Mundi. <\/span><\/strong><span lang=\"de-DE\">Dar\u00fcber hinaus interpretierte sie <\/span><strong><span lang=\"de-DE\">Haydns <\/span><\/strong><span lang=\"de-DE\"><em>Kantate \u201eMiseri noi, misera patria\u201c<\/em><\/span><span lang=\"de-DE\"> in <\/span><strong><span lang=\"de-DE\">Oslo <\/span><\/strong><span lang=\"de-DE\">mit <\/span><strong><span lang=\"de-DE\">Kristin von der Goltz <\/span><\/strong><span lang=\"de-DE\">und dem<\/span><strong><span lang=\"de-DE\"> Barokkanerne Norwegian Baroque Ensemble. <\/span><\/strong><\/span><\/p>\n<p><span style=\"font-family: Brandon Grotesque; font-size: 16px; color: #000000;\">Mit dem <strong>London Philharmonic Orchestra<\/strong> und dem <strong>London Philharmonic Choir<\/strong> sang sie <strong>Mozarts<\/strong><em> Requiem <\/em><em>unter<\/em> <strong>Nathalie Stutzmann <\/strong>in der <strong>Royal Festival Hall<\/strong> in London. Weitere Auff\u00fchrungen von <b>Mozarts<\/b> <i>Requiem<\/i> und den <strong>Vesperae solennes de Confessore<\/strong> entstanden mit <b>Hans-Christoph Rademann <\/b>sowie Chor und Orchester der <b>Gaechinger Kantorei <\/b>im <strong>Th\u00e9\u00e2tre des Champs-\u00c9lys\u00e9es <\/strong>in Paris. Mit <b>L&#8217;Orchestre des Champs-\u00c9lys\u00e9es<\/b> unter <b>Alessandro Moccia<\/b> gestaltete sie ein <i>Mozart-Arienprogramm<\/i>, mit dem <strong>Freiburger Barockorchester<\/strong> unter <b>Kristian Bezuidenhout <\/b>interpretierte sie die Konzertarie <i>\u201eCh&#8217;io mi scordi di te\u201c<\/i><i> &nbsp;<\/i>beim <b>Mozartfest Augsburg<\/b>. Gemeinsam mit dem <b>K\u00f6lner Kammerorchester<\/b> unter <b>Christoph Poppen<\/b> war sie unter anderem mit <b>Mozarts <\/b><i>Exsultate, jubilate<\/i> sowie Werken von <b>Dieterich Buxtehude<\/b> und <b>Vasyl Barvinsky <\/b>zu erleben.<\/span><\/p>\n<p><span style=\"color: #000000; font-family: Brandon Grotesque; font-size: 16px;\">Auch die <strong>romantische Oratorienliteratur<\/strong> nimmt einen festen Platz in ihrem Konzertrepertoire ein. Beim <b>Savonlinna Opera Festival<\/b> interpretierte sie <strong>Schuberts <\/strong><em>Messe in As-Dur<\/em>. Mit dem <b>Frankfurter Opern- und Museumsorchester <\/b>unter <b>Sebastian Weigle<\/b> war sie in <b>Mendelssohns<\/b> <i>Paulus<\/i> und <i>Elias<\/i>&nbsp;sowie in <b>Schumanns<\/b><i> <\/i><i>Szenen aus Goethes Faust <\/i>zu h\u00f6ren. Dar\u00fcber hinaus geh\u00f6ren <b>Dvo\u0159\u00e1ks<\/b> <em>Requiem, Stabat Mater<\/em> sowie zahlreiche weitere Werke der geistlichen Chorsinfonik zu ihrem Repertoire.<\/span><\/p>\n<p><span style=\"font-family: Brandon Grotesque; font-size: 16px; color: #000000;\">Zu ihren symphonischen Konzertprojekten z\u00e4hlen <b>Gustav Mahlers<\/b> <i>Auferstehungssinfonie<\/i> beim <b>Menuhin Festival <\/b>unter <b>Jaap van Zweden<\/b>. <b>Mahlers <\/b><i>4. Sinfonie<\/i> interpretierte sie unter anderem beim <b>L\u00e9man Lyriques Festival <\/b>mit dem<b> L&#8217;orchestre symphonique Ose <\/b>unter <b>Daniel Kawka<\/b> sowie in der <b>Alten Oper Frankfurt <\/b>mit dem <strong>F<\/strong><b>rankfurter Opern- und Museumsorchester <\/b>unter <b>Katharina Wincor<\/b>. Im selben Konzert erklangen au\u00dferdem <b>Franz Schuberts<\/b> <i>Die junge Nonne<\/i><i>, <\/i><i>Gretchen am Spinnrade<\/i><i>, <\/i><i>Lied der Mignon<\/i><i> <\/i>und<i> <\/i><i>Erlk\u00f6nig<\/i> in den Orchesterfassungen von <b>Franz Liszt<\/b>.<\/span><\/p>\n<p><span style=\"color: #000000; font-family: Brandon Grotesque; font-size: 16px;\">Dar\u00fcber hinaus interpretierte sie <b>Hans Werner Henzes <\/b><em>Being Beauteous<\/em> mit dem <b>Ensemble Modern <\/b>unter <b>Brad Lubman<\/b> in der <b>Alten Oper Frankfurt <\/b>als auch mit den Musikerinnen und Musikern des <strong>Fr<\/strong><b>ankfurter Opern- und Museumsorch<\/b><b>ester.<\/b><\/span><\/p>\n<h3><span style=\"color: #000000; font-size: 19px;\">LIED<\/span><\/h3>\n<p><span style=\"font-size: 16px; font-family: Brandon Grotesque; color: #000000;\">Mit gro\u00dfer Leidenschaft widmet sich Kateryna Kasper dem Liedgesang, insbesondere der deutschen und ukrainischen Romantik. Gemeinsam mit dem Pianisten <strong>Dmitry Ablogin<\/strong> entwickelte sie zahlreiche Liedprogramme und nahm ein Album mit Liedern der <strong>Geschwister Mendelssohn<\/strong> auf, darunter mehrere Ersteinspielungen von Werken <strong>Fanny Hensels<\/strong>. Gemeinsam widmeten sie sich au\u00dferdem Werken von <b>Clara Schumann, <\/b> <b>Johannes Brahms<\/b>, <strong>Sergii Bortkevych<\/strong>, <strong>Vasyl Barvinsky<\/strong>, <strong>Stanyslaw Liudkevych<\/strong>, <strong>Kyrylo Stetsenko<\/strong>, <strong>Yakiv Stepovyi<\/strong>, <strong>Mykola Lysenko<\/strong>, <strong>Nikolai Roslawez<\/strong> und <strong>Nikolai Medtner<\/strong>. Gemeinsame Konzerte f\u00fchrten sie unter anderem zum <b>HICSUM Festival<\/b> <b>Herlufsholm <\/b>in D\u00e4nemark sowie zum <strong>Mirjam Helin Konzert f\u00fcr die Ukraine<\/strong> im <b>Helsinki Music Centre<\/b>. Ihre Interpretation von <b>Robert Schumanns<\/b> <i>Zyklus <\/i><i>Dichterliebe<\/i> entstand im April 2023 als Konzertfilmproduktion im <b>Schloss Wei\u00dfenbrunn<\/b> auf einem historischen Pleyel-Fortepiano von 1836; die filmische Umsetzung \u00fcbernahm Culiner Creative Circle.<\/span><\/p>\n<p class=\"isSelectedEnd\"><span style=\"font-size: 16px; font-family: Brandon Grotesque; color: #000000;\">Mit <strong>Hilko Dumno<\/strong> verbindet Kateryna Kasper eine langj\u00e4hrige k\u00fcnstlerische Zusammenarbeit. Gemeinsam gestalteten sie zahlreiche Liederabende mit Werken <strong>Schumann<\/strong>, <strong>Brahms<\/strong>, <strong>Schubert, Rachmaninow, Mussorgskij, Reimann, Bernstein, Prokofjew, Barber, Rimski-Korsakow, Loewe, Ravel, Messiaen <\/strong>und<strong> Piazzolla. <\/strong>Aus dieser Zusammenarbeit entstand auch ihr <strong>Deb\u00fctalbum<\/strong><em> \u201eO w\u00fc\u00dft ich doch den Weg zur\u00fcck \u2026\u201c,<\/em>&nbsp;aufgenommen im <strong>Richard-Wagner-Museum Villa Wahnfried<\/strong>.&nbsp;<\/span><\/p>\n<p class=\"isSelectedEnd\"><span style=\"font-size: 16px; font-family: Brandon Grotesque; color: #000000;\">Dar\u00fcber hinaus arbeitet Kateryna Kasper mit Pianisten wie <strong>Marcelo Amaral<\/strong>, <strong>Lars J\u00f6nsson<\/strong>, <strong>Jonathan Ware<\/strong> und <strong>Henning Lucius<\/strong> zusammen. Mit <strong>Marcelo Amaral<\/strong> widmete sie sich unter anderem <em>Goethe-Vertonungen<\/em> von <strong>Hugo Wolf<\/strong>, <strong>Schumann<\/strong> und <strong>Schubert.<\/strong>&nbsp;Mit <strong>Lars J\u00f6nsson<\/strong> entwickelte sie Programme mit Werken von <strong>Strauss<\/strong>, <strong>Grieg<\/strong>, <strong>Poulenc<\/strong>, <strong>Debussy<\/strong>, <strong>Barber und <\/strong><strong>Liszt<\/strong>.<\/span><\/p>\n<p><span style=\"font-size: 16px; font-family: Brandon Grotesque; color: #000000;\">Zu ihrem Liedrepertoire geh\u00f6ren auch <strong>Hindemiths<\/strong><em>&#8222;Das Marienleben\u201c<\/em> sowie <strong>Brahms\u2019 <\/strong><em>\u201eLiebeslieder-Walzer&#8220;.<\/em><\/span><\/p>\n<p><span style=\"color: #000000; font-family: Brandon Grotesque; font-size: 16px;\">Eine weitere bedeutende Kammermusikpartnerschaft verbindet sie mit dem <strong>Trio Vivente<\/strong> (<strong>Kristin von der Goltz<\/strong>, Violoncello; <strong>Anne Katharina<\/strong> <strong>Schreiber<\/strong>, Violine; <strong>Jutta Ernst<\/strong>, Klavier). Gemeinsam interpretieren sie unter anderem <strong>Mieczys\u0142aw Weinbergs<\/strong> <em>J\u00fcdische Lieder f\u00fcr Sopran und Klaviertrio op. 13 <\/em>sowie <strong>Dmitri Schostakowitschs<\/strong> <em>Romanzen-Suite f\u00fcr Sopran und Klaviertrio op. 127.<\/em><\/span><\/p>\n<h3><span style=\"color: #000000; font-size: 19px;\">ZUSAMMENARBEITEN<\/span><\/h3>\n<p lang=\"de-DE\"><span style=\"color: #000000; font-size: 16px; font-family: Brandon Grotesque;\">Kateryna Kasper arbeitete mit Dirigent*innen wie Heinz B\u00e4hler, <span lang=\"de-DE\">Ivor Bolton<\/span><span lang=\"de-DE\">, <\/span><span lang=\"de-DE\">Roland B\u00f6er<\/span><span lang=\"de-DE\">, <\/span><span lang=\"de-DE\">Hubert Buchberger<\/span><span lang=\"de-DE\">, <\/span><span lang=\"de-DE\">Constantinos Carydis<\/span><span lang=\"de-DE\">, Karel Mark Chichon, Francesco Corti, Laurence Cummings, Peter Dijkstra, <\/span>Justin Doyle, <span lang=\"de-DE\">Bjarte Eike<\/span><span lang=\"de-DE\">, <\/span><span lang=\"de-DE\">Simone di Felice<\/span><span lang=\"de-DE\">, <\/span><span lang=\"de-DE\">Bernhard Forck<\/span><span lang=\"de-DE\">, <\/span><span lang=\"de-DE\">Michael Form<\/span><span lang=\"de-DE\">, Alden Gatt, <\/span><span lang=\"de-DE\">Howard Griffiths<\/span><span lang=\"de-DE\">, <\/span><span lang=\"de-DE\">Patrick Hahn<\/span><span lang=\"de-DE\">, Florian Helgath, <\/span><span lang=\"de-DE\">James Hendry<\/span><span lang=\"de-DE\">, <\/span><span lang=\"de-DE\">Michael Hofstetter<\/span><span lang=\"de-DE\">, Leo Hussain, <\/span><span lang=\"de-DE\">Karsten Januschke<\/span><span lang=\"de-DE\">, <\/span><span lang=\"de-DE\">Julia Jones<\/span><span lang=\"de-DE\">, <\/span><span lang=\"de-DE\">Hartmut Keil<\/span><span lang=\"de-DE\">, <\/span><span lang=\"de-DE\">Eun Sun Kim<\/span><span lang=\"de-DE\">, Yi-Chen Lin, Florian Lohmann, <\/span><span lang=\"de-DE\">V\u00e1clav Luks<\/span><span lang=\"de-DE\">, Martin Lutz, <\/span><span lang=\"de-DE\">Giuseppe Mentuccia<\/span><span lang=\"de-DE\">, Takeshi Moriuchi, <\/span><span lang=\"de-DE\">Fausto Nardi<\/span><span lang=\"de-DE\">, Anthony Negus, <\/span><span lang=\"de-DE\">Geoffrey Paterson<\/span><span lang=\"de-DE\">, <\/span><span lang=\"de-DE\">Rapha\u00ebl Pichon<\/span><span lang=\"de-DE\">, <\/span><span lang=\"de-DE\">Christoph Poppen<\/span><span lang=\"de-DE\">, <\/span><span lang=\"de-DE\">Hans-Christoph Rademann<\/span><span lang=\"de-DE\">, <\/span><span lang=\"de-DE\">Helmuth Rilling<\/span><span lang=\"de-DE\">, Lukas Rommelspacher, <\/span><span lang=\"de-DE\">Federico Maria Sardelli<\/span><span lang=\"de-DE\">, <\/span><span lang=\"de-DE\">Michael Schneider<\/span><span lang=\"de-DE\">, Leif Segerstam, <\/span><span lang=\"de-DE\">Steven Sloane<\/span><span lang=\"de-DE\">, <\/span><span lang=\"de-DE\">Andreas Spering<\/span><span lang=\"de-DE\">, John Storg\u00e5rds, <\/span><span lang=\"de-DE\">Nathalie Stutzmann<\/span><span lang=\"de-DE\">, <\/span><span lang=\"de-DE\">Constantin Trinks<\/span><span lang=\"de-DE\">, <\/span><span lang=\"de-DE\">Felice Venanzoni<\/span><span lang=\"de-DE\">, <\/span><span lang=\"de-DE\">Sebastian Weigle<\/span><span lang=\"de-DE\">, Katharina Wincor, <\/span><span lang=\"de-DE\">Sebastian Zierer<\/span><span lang=\"de-DE\"> und <\/span><span lang=\"de-DE\">Jaap van Zweden<\/span><span lang=\"de-DE\">. <\/span><\/span><\/p>\n<p lang=\"de-DE\"><span style=\"font-family: Brandon Grotesque; font-size: 16px; color: #000000;\">Fruchtbare Kooperationen pflegte sie mit Regisseur*inen wie <span lang=\"de-DE\">Andrea Bernard<\/span><span lang=\"de-DE\">, <\/span><span lang=\"de-DE\">Nina Brazier<\/span><span lang=\"de-DE\">, J\u00f6rg Endebrock, <\/span><span lang=\"de-DE\">Brigitte Fassbaender<\/span><span lang=\"de-DE\">, Tom Goossens, <\/span><span lang=\"de-DE\">Claus Guth<\/span><span lang=\"de-DE\">, Barbora Hor\u00e1kov\u00e1, <\/span><span lang=\"de-DE\">Ted Huffman<\/span><span lang=\"de-DE\">, <\/span><span lang=\"de-DE\">Netia Jones<\/span><span lang=\"de-DE\">, <\/span><span lang=\"de-DE\">Dorothea Kirschbaum<\/span><span lang=\"de-DE\">, <\/span><span lang=\"de-DE\">Barrie Kosky<\/span><span lang=\"de-DE\">, <\/span><span lang=\"de-DE\">Tilmann K\u00f6hler<\/span><span lang=\"de-DE\">, <\/span><span lang=\"de-DE\">Harry Kupfer<\/span><span lang=\"de-DE\">, Beno\u00eet de Leersnyder, <\/span><span lang=\"de-DE\">Jim Lucassen<\/span><span lang=\"de-DE\">, <\/span><span lang=\"de-DE\">Hendrik M\u00fcller<\/span><span lang=\"de-DE\">, Cornelius Obonya, <\/span><span lang=\"de-DE\">Jenny Ogilvie<\/span><span lang=\"de-DE\">, <span class=\"wixui-rich-text__text\">Caterina Panti Liberovici, <\/span><\/span><span lang=\"de-DE\">Carolin Pienkos<\/span><span lang=\"de-DE\">, <\/span><span lang=\"de-DE\">Hans Walter Richter<\/span><span lang=\"de-DE\">, <\/span><span lang=\"de-DE\">Victoria Stevens<\/span><span lang=\"de-DE\">, <\/span><span lang=\"de-DE\">Elisabeth St\u00f6ppler<\/span><span lang=\"de-DE\"> und <\/span><span lang=\"de-DE\">Walter Sutcliffe<\/span><span lang=\"de-DE\">.<\/span><\/span><\/p>\n<p lang=\"de-DE\"><span style=\"font-family: Brandon Grotesque; font-size: 16px; color: #000000;\">Eine besondere musikalische Zusammenarbeit verbindet sie mit dem Dirigenten Ren\u00e9 Jacobs und ihren Kammermusikpartnern, dem Frankfurter Ensemble th\u00e9\u00e2tre sans rideau, dem Trio Vivente (Kristin von der Goltz, Anne Katharina Schreiber, Jutta Ernst), dem Eliot Quartett sowie den Pianisten Dmitry Ablogin, Hilko Dumno, Marcelo Amaral und Lars J\u00f6nsson.&nbsp;<\/span><\/p>\n<figure id=\"attachment_8606\" aria-describedby=\"caption-attachment-8606\" style=\"width: 500px\" class=\"wp-caption alignleft\"><noscript><img loading=\"lazy\" decoding=\"async\" class=\"wp-image-8606\" src=\"https:\/\/katerynakasper.de\/wp-content\/uploads\/2024\/04\/DSC2510-7-683x1024.jpg\" alt=\"\u00a9Andreas Kasper\" width=\"500\" height=\"750\"><\/noscript><img loading=\"lazy\" decoding=\"async\" class=\"wp-image-8606 lazyload\" src=\"data:image\/svg+xml,%3Csvg%20xmlns%3D%22http%3A%2F%2Fwww.w3.org%2F2000%2Fsvg%22%20viewBox%3D%220%200%20500%20750%22%3E%3C%2Fsvg%3E\" alt=\"\u00a9Andreas Kasper\" width=\"500\" height=\"750\" data-src=\"https:\/\/katerynakasper.de\/wp-content\/uploads\/2024\/04\/DSC2510-7-683x1024.jpg\"><figcaption id=\"caption-attachment-8606\" class=\"wp-caption-text\">\u00a9Andreas Kasper<\/figcaption><\/figure>\n<h3><span style=\"font-size: 19px;\">DISKOGRAFIE<\/span><\/h3>\n<p><span style=\"font-size: 16px; font-family: Brandon Grotesque; color: #000000;\"><span lang=\"de-DE\">Kaspers <strong>Deb\u00fctalbum<\/strong><em> &#8222;<\/em><\/span><em><span lang=\"de-DE\"><em>O<\/em> w\u00fc\u00dft ich doch den Weg zur\u00fcck \u2026&#8220;<\/span> <\/em> <span lang=\"de-DE\">v<\/span><span lang=\"de-DE\">ereint Lieder von 14 Komponisten zu<\/span><\/span><span style=\"font-size: 16px; font-family: Brandon Grotesque; color: #000000;\"><span lang=\"de-DE\">&nbsp;einer musikalischen Reise durch die Welt der Romantik \u2013 gepr\u00e4gt von der Sehnsucht nach dem Geheimnisvollen, dem Irrationalen, dem Zeitlosen und dem Menschlichen, von Erinnerungen an die Kindheit und Fantasiewelten. Die Aufnahme entstand gemeinsam mit <strong>Hilko Dumno<\/strong> in der <strong>Villa Wahnfried in Bayreuth<\/strong> auf dem historischen Steinway-Fl\u00fcgel von Richard Wagner aus dem Jahr 1876 und erschien 2018 bei <strong>TYXart<\/strong>.<\/span><\/span><\/p>\n<p><span style=\"font-size: 16px; font-family: Brandon Grotesque; color: #000000;\"><span lang=\"de-DE\">2022 erschienen Aufnahmen mit <\/span><span lang=\"de-DE\"><b>Zyklen von Schostakowitsch und Weinberg <\/b><\/span><span lang=\"de-DE\">mit dem <strong>Trio Vivente<\/strong>, <strong>Webers <\/strong><\/span><em><span lang=\"de-DE\">Freisch\u00fctz<\/span><\/em><span lang=\"de-DE\"> mit dem <strong>Freiburger Barockorchester<\/strong> unter <strong>Ren\u00e9 Jacobs<\/strong> (ausgezeichnet mit dem <\/span><span lang=\"de-DE\"><b>Opus Klassik<\/b><\/span><span lang=\"de-DE\">) sowie ihr zweites <strong>Liedalbum<\/strong> <em>&#8222;<\/em><\/span><em><span lang=\"de-DE\"><em>E<\/em>in s\u00fc\u00dfes Deingedenken&#8220;<\/span><\/em><span lang=\"de-DE\">, <b>mit Liedern von Fanny und Felix Mendelssohn<\/b><\/span><span lang=\"de-DE\">, eingespielt mit <strong>Dmitry Ablogin<\/strong> auf einem historischen <\/span><span lang=\"de-DE\">Hammer<\/span><span lang=\"de-DE\">fl\u00fcgel von 1835<\/span><span lang=\"de-DE\"> (nominiert von <strong>Opus Klassik<\/strong> als beste Kammermusikeinspielung).<\/span><\/span><\/p>\n<p><span style=\"font-size: 16px; font-family: Brandon Grotesque; color: #000000;\">Die Einspielung von <strong>Haydns <\/strong><i>Die sieben letzten Worte unseres Erl\u00f6sers am Kreuze <\/i>mit dem<strong> RIAS Kammerchor<\/strong> und dem <strong>Konzerthausorchester Berlin<\/strong> unter <strong>Justin Doyle<\/strong> erschien 2026.<\/span><\/p>\n<h3><span style=\"color: #000000; font-size: 19px;\">Ausbildung und Auszeichnungen<\/span><\/h3>\n<p class=\"translation-block\">Kasper studied with Raisa Kolesnik at the Prokofiev Music Academy in Donetsk, Ukraine and then in Nuremberg with Edith Wiens and in Frankfurt with Hedwig Fassbender, supported by a DAAD scholarship. She has worked in master classes with Ileana Cotruba\u0219, Margreet Honig and Tobias Truniger, among others.<\/p>\n<p><span style=\"color: #000000; font-family: Brandon Grotesque; font-size: 16px;\"><span lang=\"de-DE\">2014 gewann die Sopranistin den renommierten<\/span><strong><span lang=\"de-DE\"> Internationalen <\/span><\/strong><strong><span lang=\"de-DE\"><b>Mirjam-Helin Gesangswettbewerb<\/b><\/span><\/strong><span lang=\"de-DE\"><b> in Helsinki<\/b><\/span><span lang=\"de-DE\">. Dem gingen Preise bei dem <\/span><strong><span lang=\"de-DE\"><b>International Vocal Competition IVC <\/b><\/span><\/strong><span lang=\"de-DE\"><b>(Holland)<\/b><\/span><span lang=\"de-DE\">, d<span style=\"font-family: Brandon Grotesque; font-size: 16px; color: #000000;\">em <\/span><\/span><strong><span lang=\"de-DE\"><b>Queen Sonja International Music Competition <\/b><\/span><\/strong><span lang=\"de-DE\"><b>(Oslo) <\/b><\/span><span lang=\"de-DE\">und dem <\/span><strong><span lang=\"de-DE\"><b>Trude Eipperle-Rieger-Liedpreis<\/b><\/span><\/strong><b> <\/b><span lang=\"de-DE\">voraus. 2023 wurde sie f\u00fcr den OPUS KLASSIK in der Kategorie <em>S\u00e4ngerin des Jahres <\/em>nominiert.<\/span><\/span><\/p>","protected":false},"excerpt":{"rendered":"<p>Die ukrainisch-deutsche Sopranistin Kateryna Kasper zeichnet sich durch stilistische Vielseitigkeit in Oper, Oratorium und Lied aus. Sie tritt weltweit an f\u00fchrenden Opernh\u00e4usern, Konzerth\u00e4usern und Festivals auf und ist f\u00fcr ihre nuancierten Interpretationen von gro\u00dfer Ausdrucksst\u00e4rke bekannt. Ihr Repertoire reicht von Bachs Oratorien und Passionen \u00fcber H\u00e4ndels, Mozarts und Strauss Opernpartien&nbsp;bis zu Mahlers Sinfonien und umfasst Werke von Haydn, Brahms, Mendelssohn, Dvo\u0159\u00e1k, Poulenc und Henze sowie ein umfassendes romantisches Liedrepertoire. ENGAGEMENTS&nbsp; In der kommenden Spielzeit gibt [&hellip;]<\/p>\n","protected":false},"author":1,"featured_media":0,"comment_status":"closed","ping_status":"closed","sticky":false,"template":"","format":"standard","meta":{"footnotes":""},"categories":[358],"tags":[],"class_list":["post-13585","post","type-post","status-publish","format-standard","hentry","category-contents"],"featured_media_urls":[],"_links":{"self":[{"href":"https:\/\/katerynakasper.de\/en\/wp-json\/wp\/v2\/posts\/13585","targetHints":{"allow":["GET"]}}],"collection":[{"href":"https:\/\/katerynakasper.de\/en\/wp-json\/wp\/v2\/posts"}],"about":[{"href":"https:\/\/katerynakasper.de\/en\/wp-json\/wp\/v2\/types\/post"}],"author":[{"embeddable":true,"href":"https:\/\/katerynakasper.de\/en\/wp-json\/wp\/v2\/users\/1"}],"replies":[{"embeddable":true,"href":"https:\/\/katerynakasper.de\/en\/wp-json\/wp\/v2\/comments?post=13585"}],"version-history":[{"count":119,"href":"https:\/\/katerynakasper.de\/en\/wp-json\/wp\/v2\/posts\/13585\/revisions"}],"predecessor-version":[{"id":18518,"href":"https:\/\/katerynakasper.de\/en\/wp-json\/wp\/v2\/posts\/13585\/revisions\/18518"}],"wp:attachment":[{"href":"https:\/\/katerynakasper.de\/en\/wp-json\/wp\/v2\/media?parent=13585"}],"wp:term":[{"taxonomy":"category","embeddable":true,"href":"https:\/\/katerynakasper.de\/en\/wp-json\/wp\/v2\/categories?post=13585"},{"taxonomy":"post_tag","embeddable":true,"href":"https:\/\/katerynakasper.de\/en\/wp-json\/wp\/v2\/tags?post=13585"}],"curies":[{"name":"wp","href":"https:\/\/api.w.org\/{rel}","templated":true}]}}